{"id":6141,"date":"2022-01-04T00:00:00","date_gmt":"2022-01-04T05:00:00","guid":{"rendered":"https:\/\/healthhubsolutions.ca\/?p=6141"},"modified":"2025-08-18T13:20:54","modified_gmt":"2025-08-18T17:20:54","slug":"healthhub-announces-peter-varga-will-join-company-as-chief-clinical-executive","status":"publish","type":"post","link":"https:\/\/healthhubsolutions.ca\/fr\/healthhub-announces-peter-varga-will-join-company-as-chief-clinical-executive\/","title":{"rendered":"UniversSant\u00e9 annonce que Peter Varga rejoindra l\u2019entreprise \u00e0 titre de Directeur g\u00e9n\u00e9ral, clinique"},"content":{"rendered":"\t\t<div data-elementor-type=\"wp-post\" data-elementor-id=\"6141\" class=\"elementor elementor-6141\" data-elementor-post-type=\"post\">\n\t\t\t\t\t\t<section class=\"elementor-section elementor-top-section elementor-element elementor-element-657dedb elementor-section-full_width elementor-section-height-min-height elementor-section-height-default elementor-section-items-middle\" data-id=\"657dedb\" data-element_type=\"section\" data-e-type=\"section\" data-settings=\"{&quot;jet_parallax_layout_list&quot;:[{&quot;jet_parallax_layout_image&quot;:{&quot;url&quot;:&quot;&quot;,&quot;id&quot;:&quot;&quot;,&quot;size&quot;:&quot;&quot;},&quot;_id&quot;:&quot;ba053a7&quot;,&quot;jet_parallax_layout_image_tablet&quot;:{&quot;url&quot;:&quot;&quot;,&quot;id&quot;:&quot;&quot;,&quot;size&quot;:&quot;&quot;},&quot;jet_parallax_layout_image_mobile&quot;:{&quot;url&quot;:&quot;&quot;,&quot;id&quot;:&quot;&quot;,&quot;size&quot;:&quot;&quot;},&quot;jet_parallax_layout_speed&quot;:{&quot;unit&quot;:&quot;%&quot;,&quot;size&quot;:50,&quot;sizes&quot;:[]},&quot;jet_parallax_layout_type&quot;:&quot;scroll&quot;,&quot;jet_parallax_layout_direction&quot;:&quot;1&quot;,&quot;jet_parallax_layout_fx_direction&quot;:null,&quot;jet_parallax_layout_z_index&quot;:&quot;&quot;,&quot;jet_parallax_layout_bg_x&quot;:50,&quot;jet_parallax_layout_bg_x_tablet&quot;:&quot;&quot;,&quot;jet_parallax_layout_bg_x_mobile&quot;:&quot;&quot;,&quot;jet_parallax_layout_bg_y&quot;:50,&quot;jet_parallax_layout_bg_y_tablet&quot;:&quot;&quot;,&quot;jet_parallax_layout_bg_y_mobile&quot;:&quot;&quot;,&quot;jet_parallax_layout_bg_size&quot;:&quot;auto&quot;,&quot;jet_parallax_layout_bg_size_tablet&quot;:&quot;&quot;,&quot;jet_parallax_layout_bg_size_mobile&quot;:&quot;&quot;,&quot;jet_parallax_layout_animation_prop&quot;:&quot;transform&quot;,&quot;jet_parallax_layout_on&quot;:[&quot;desktop&quot;,&quot;tablet&quot;]}],&quot;background_background&quot;:&quot;classic&quot;}\">\n\t\t\t\t\t\t<div class=\"elementor-container elementor-column-gap-default\">\n\t\t\t\t\t<div class=\"elementor-column elementor-col-100 elementor-top-column elementor-element elementor-element-76a62bd4\" data-id=\"76a62bd4\" data-element_type=\"column\" data-e-type=\"column\">\n\t\t\t<div class=\"elementor-widget-wrap\">\n\t\t\t\t\t\t\t<\/div>\n\t\t<\/div>\n\t\t\t\t\t<\/div>\n\t\t<\/section>\n\t\t\t\t<section class=\"elementor-section elementor-top-section elementor-element elementor-element-451e832 elementor-section-boxed elementor-section-height-default elementor-section-height-default\" data-id=\"451e832\" data-element_type=\"section\" data-e-type=\"section\" data-settings=\"{&quot;jet_parallax_layout_list&quot;:[{&quot;jet_parallax_layout_image&quot;:{&quot;url&quot;:&quot;&quot;,&quot;id&quot;:&quot;&quot;,&quot;size&quot;:&quot;&quot;},&quot;_id&quot;:&quot;ba053a7&quot;,&quot;jet_parallax_layout_image_tablet&quot;:{&quot;url&quot;:&quot;&quot;,&quot;id&quot;:&quot;&quot;,&quot;size&quot;:&quot;&quot;},&quot;jet_parallax_layout_image_mobile&quot;:{&quot;url&quot;:&quot;&quot;,&quot;id&quot;:&quot;&quot;,&quot;size&quot;:&quot;&quot;},&quot;jet_parallax_layout_speed&quot;:{&quot;unit&quot;:&quot;%&quot;,&quot;size&quot;:50,&quot;sizes&quot;:[]},&quot;jet_parallax_layout_type&quot;:&quot;scroll&quot;,&quot;jet_parallax_layout_direction&quot;:&quot;1&quot;,&quot;jet_parallax_layout_fx_direction&quot;:null,&quot;jet_parallax_layout_z_index&quot;:&quot;&quot;,&quot;jet_parallax_layout_bg_x&quot;:50,&quot;jet_parallax_layout_bg_x_tablet&quot;:&quot;&quot;,&quot;jet_parallax_layout_bg_x_mobile&quot;:&quot;&quot;,&quot;jet_parallax_layout_bg_y&quot;:50,&quot;jet_parallax_layout_bg_y_tablet&quot;:&quot;&quot;,&quot;jet_parallax_layout_bg_y_mobile&quot;:&quot;&quot;,&quot;jet_parallax_layout_bg_size&quot;:&quot;auto&quot;,&quot;jet_parallax_layout_bg_size_tablet&quot;:&quot;&quot;,&quot;jet_parallax_layout_bg_size_mobile&quot;:&quot;&quot;,&quot;jet_parallax_layout_animation_prop&quot;:&quot;transform&quot;,&quot;jet_parallax_layout_on&quot;:[&quot;desktop&quot;,&quot;tablet&quot;]}]}\">\n\t\t\t\t\t\t<div class=\"elementor-container elementor-column-gap-default\">\n\t\t\t\t\t<div class=\"elementor-column elementor-col-100 elementor-top-column elementor-element elementor-element-3e8e8ff\" data-id=\"3e8e8ff\" data-element_type=\"column\" data-e-type=\"column\">\n\t\t\t<div class=\"elementor-widget-wrap elementor-element-populated\">\n\t\t\t\t\t\t<div class=\"elementor-element elementor-element-1a14f4c elementor-widget elementor-widget-heading\" data-id=\"1a14f4c\" data-element_type=\"widget\" data-e-type=\"widget\" data-widget_type=\"heading.default\">\n\t\t\t\t<div class=\"elementor-widget-container\">\n\t\t\t\t\t<h1 class=\"elementor-heading-title elementor-size-default\">HealthHub Announces Peter Varga will Join Company as Chief Clinical Executive<\/h1>\t\t\t\t<\/div>\n\t\t\t\t<\/div>\n\t\t\t\t<div class=\"elementor-element elementor-element-2f155e1 elementor-widget elementor-widget-text-editor\" data-id=\"2f155e1\" data-element_type=\"widget\" data-e-type=\"widget\" data-widget_type=\"text-editor.default\">\n\t\t\t\t<div class=\"elementor-widget-container\">\n\t\t\t\t\t\t\t\t\t<p><strong>December 8, 2021<\/strong> \u2013 HealthHub Patient Engagement Solutions is pleased announce that Peter Varga will be joining the company on January 4, 2022 as Chief Clinical Executive.<\/p>\n<p>Peter is a Registered Nurse and a strategic and innovative leader with over 25 years of experience in Canadian hospital and healthcare settings. In addition to his clinical expertise, Peter brings a wealth of operational, administrative, quality, safety and risk management experience to our team. Peter has a deep passion to utilize digital solutions to enhance the experiences and outcomes of patients, nurses and physicians. He has built a strong network of relationships with external stakeholders, and he continues to hold a position as an Adjunct Professor with the University of Waterloo.<\/p>\n<p>Most recently, Peter served as Headwaters Health Care Centre\u2019s Chief Nursing Executive and VP, Patient Services.<\/p>\n<p>\u201cWe\u2019re thrilled to have Peter join our leadership team as Chief Clinical Executive,\u201d said Larry MacGirr, CEO of HealthHub. \u201cAs we continue to serve clinicians, patients and families with innovative digital bedside solutions \u2013 and as we look to our company\u2019s next stage of growth \u2013 Peter\u2019s perspective is exactly what we need. Peter brings with him extensive clinical and administrative expertise.\u201d<\/p>\n<p>\u201cI\u2019m very excited to be embarking on this new journey,\u201d said Peter. \u201cI started my career at the bedside, serving patients in emergency rooms and critical care units. Now, 25 years later, I\u2019ve come full circle and I\u2019ll be working again with the bedside \u2013 but this time helping to provide digital bedside solutions that enhance quality and safety of care, as well as helping clinicians do what they do best: deliver care.\u201d<\/p>\n<p>Peter\u2019s experience also extends to several provincial agencies and advisory committees, where he has served on numerous groups including the Ontario Renal Networks Provincial Funding Panel and the Data and Analytics Committee. He is currently the Chair of the Hamilton and Area Chapter of the Canadian Council of Health Leaders (CCHL) where he holds his Canadian Health Executive (CHE) designation.<\/p>\n<p>Peter is a graduate of Conestoga College\u2019s nursing diploma program. He then completed his bachelor\u2019s in nursing at McMaster University and later his Master of Health Administration degree from the University of Toronto.<\/p>\n<p>Please join us in welcoming Peter Varga to the team.<\/p>\t\t\t\t\t\t\t\t<\/div>\n\t\t\t\t<\/div>\n\t\t\t\t\t<\/div>\n\t\t<\/div>\n\t\t\t\t\t<\/div>\n\t\t<\/section>\n\t\t\t\t<section class=\"elementor-section elementor-top-section elementor-element elementor-element-55ec493 elementor-section-boxed elementor-section-height-default elementor-section-height-default\" data-id=\"55ec493\" data-element_type=\"section\" data-e-type=\"section\" data-settings=\"{&quot;jet_parallax_layout_list&quot;:[{&quot;jet_parallax_layout_image&quot;:{&quot;url&quot;:&quot;&quot;,&quot;id&quot;:&quot;&quot;,&quot;size&quot;:&quot;&quot;},&quot;_id&quot;:&quot;b577c98&quot;,&quot;jet_parallax_layout_image_tablet&quot;:{&quot;url&quot;:&quot;&quot;,&quot;id&quot;:&quot;&quot;,&quot;size&quot;:&quot;&quot;},&quot;jet_parallax_layout_image_mobile&quot;:{&quot;url&quot;:&quot;&quot;,&quot;id&quot;:&quot;&quot;,&quot;size&quot;:&quot;&quot;},&quot;jet_parallax_layout_speed&quot;:{&quot;unit&quot;:&quot;%&quot;,&quot;size&quot;:50,&quot;sizes&quot;:[]},&quot;jet_parallax_layout_type&quot;:&quot;scroll&quot;,&quot;jet_parallax_layout_direction&quot;:&quot;1&quot;,&quot;jet_parallax_layout_fx_direction&quot;:null,&quot;jet_parallax_layout_z_index&quot;:&quot;&quot;,&quot;jet_parallax_layout_bg_x&quot;:50,&quot;jet_parallax_layout_bg_x_tablet&quot;:&quot;&quot;,&quot;jet_parallax_layout_bg_x_mobile&quot;:&quot;&quot;,&quot;jet_parallax_layout_bg_y&quot;:50,&quot;jet_parallax_layout_bg_y_tablet&quot;:&quot;&quot;,&quot;jet_parallax_layout_bg_y_mobile&quot;:&quot;&quot;,&quot;jet_parallax_layout_bg_size&quot;:&quot;auto&quot;,&quot;jet_parallax_layout_bg_size_tablet&quot;:&quot;&quot;,&quot;jet_parallax_layout_bg_size_mobile&quot;:&quot;&quot;,&quot;jet_parallax_layout_animation_prop&quot;:&quot;transform&quot;,&quot;jet_parallax_layout_on&quot;:[&quot;desktop&quot;,&quot;tablet&quot;]}]}\">\n\t\t\t\t\t\t<div class=\"elementor-container elementor-column-gap-default\">\n\t\t\t\t\t<div class=\"elementor-column elementor-col-100 elementor-top-column elementor-element elementor-element-248488d\" data-id=\"248488d\" data-element_type=\"column\" data-e-type=\"column\">\n\t\t\t<div class=\"elementor-widget-wrap elementor-element-populated\">\n\t\t\t\t\t\t<div class=\"elementor-element elementor-element-d95d54b elementor-widget elementor-widget-spacer\" data-id=\"d95d54b\" data-element_type=\"widget\" data-e-type=\"widget\" data-widget_type=\"spacer.default\">\n\t\t\t\t<div class=\"elementor-widget-container\">\n\t\t\t\t\t\t\t<div class=\"elementor-spacer\">\n\t\t\t<div class=\"elementor-spacer-inner\"><\/div>\n\t\t<\/div>\n\t\t\t\t\t\t<\/div>\n\t\t\t\t<\/div>\n\t\t\t\t\t<\/div>\n\t\t<\/div>\n\t\t\t\t\t<\/div>\n\t\t<\/section>\n\t\t\t\t<\/div>\n\t\t","protected":false},"excerpt":{"rendered":"<p>HealthHub Patient Engagement Solutions a le plaisir d\u2019annoncer que Peter Varga se joindra \u00e0 l\u2019entreprise le 4 janvier 2022 \u00e0 titre de Directeur g\u00e9n\u00e9ral, clinique.<\/p>","protected":false},"author":1,"featured_media":6150,"comment_status":"closed","ping_status":"closed","sticky":false,"template":"elementor_header_footer","format":"standard","meta":{"_acf_changed":false,"content-type":"","_monsterinsights_skip_tracking":false,"_monsterinsights_sitenote_active":false,"_monsterinsights_sitenote_note":"","_monsterinsights_sitenote_category":0,"footnotes":""},"categories":[9],"tags":[],"class_list":["post-6141","post","type-post","status-publish","format-standard","has-post-thumbnail","hentry","category-news"],"acf":[],"yoast_head":"<!-- This site is optimized with the Yoast SEO plugin v27.4 - https:\/\/yoast.com\/product\/yoast-seo-wordpress\/ -->\n<title>Peter Varga to Join HealthHub as Chief Clinical Executive<\/title>\n<meta name=\"description\" content=\"HealthHub Patient Engagement Solutions is pleased announce that Peter Varga will join the company on Jan 4, 2022 as Chief Clinical Executive.\" \/>\n<meta name=\"robots\" content=\"index, follow, max-snippet:-1, max-image-preview:large, max-video-preview:-1\" \/>\n<link rel=\"canonical\" href=\"https:\/\/healthhubsolutions.ca\/fr\/healthhub-announces-peter-varga-will-join-company-as-chief-clinical-executive\/\" \/>\n<meta property=\"og:locale\" content=\"fr_CA\" \/>\n<meta property=\"og:type\" content=\"article\" \/>\n<meta property=\"og:title\" content=\"Peter Varga to Join HealthHub as Chief Clinical Executive\" \/>\n<meta property=\"og:description\" content=\"HealthHub Patient Engagement Solutions is pleased announce that Peter Varga will join the company on Jan 4, 2022 as Chief Clinical Executive.\" \/>\n<meta property=\"og:url\" content=\"https:\/\/healthhubsolutions.ca\/fr\/healthhub-announces-peter-varga-will-join-company-as-chief-clinical-executive\/\" \/>\n<meta property=\"og:site_name\" content=\"HealthHub Solutions | Patient Engagement Solutions\" \/>\n<meta property=\"article:published_time\" content=\"2022-01-04T05:00:00+00:00\" \/>\n<meta property=\"article:modified_time\" content=\"2025-08-18T17:20:54+00:00\" \/>\n<meta property=\"og:image\" content=\"https:\/\/healthhubsolutions.ca\/wp-content\/uploads\/2021\/12\/healthhub_article_1500_658.jpg\" \/>\n\t<meta property=\"og:image:width\" content=\"1500\" \/>\n\t<meta property=\"og:image:height\" content=\"658\" \/>\n\t<meta property=\"og:image:type\" content=\"image\/jpeg\" \/>\n<meta name=\"author\" content=\"healthhubadmin\" \/>\n<meta name=\"twitter:card\" content=\"summary_large_image\" \/>\n<meta name=\"twitter:image\" content=\"https:\/\/healthhubsolutions.ca\/wp-content\/uploads\/2021\/12\/healthhub_article_1500_658.jpg\" \/>\n<meta name=\"twitter:label1\" content=\"\u00c9crit par\" \/>\n\t<meta name=\"twitter:data1\" content=\"healthhubadmin\" \/>\n\t<meta name=\"twitter:label2\" content=\"Estimation du temps de lecture\" \/>\n\t<meta name=\"twitter:data2\" content=\"2 minutes\" \/>\n<script type=\"application\/ld+json\" class=\"yoast-schema-graph\">{\"@context\":\"https:\\\/\\\/schema.org\",\"@graph\":[{\"@type\":\"Article\",\"@id\":\"https:\\\/\\\/healthhubsolutions.ca\\\/healthhub-announces-peter-varga-will-join-company-as-chief-clinical-executive\\\/#article\",\"isPartOf\":{\"@id\":\"https:\\\/\\\/healthhubsolutions.ca\\\/healthhub-announces-peter-varga-will-join-company-as-chief-clinical-executive\\\/\"},\"author\":{\"name\":\"healthhubadmin\",\"@id\":\"https:\\\/\\\/healthhubsolutions.ca\\\/#\\\/schema\\\/person\\\/221ad45a7f7f1d9e7a82ccc508e205e3\"},\"headline\":\"HealthHub Announces Peter Varga will Join Company as Chief Clinical Executive\",\"datePublished\":\"2022-01-04T05:00:00+00:00\",\"dateModified\":\"2025-08-18T17:20:54+00:00\",\"mainEntityOfPage\":{\"@id\":\"https:\\\/\\\/healthhubsolutions.ca\\\/healthhub-announces-peter-varga-will-join-company-as-chief-clinical-executive\\\/\"},\"wordCount\":384,\"image\":{\"@id\":\"https:\\\/\\\/healthhubsolutions.ca\\\/healthhub-announces-peter-varga-will-join-company-as-chief-clinical-executive\\\/#primaryimage\"},\"thumbnailUrl\":\"https:\\\/\\\/healthhubsolutions.ca\\\/wp-content\\\/uploads\\\/2021\\\/12\\\/healthhub_article_1500_658.jpg\",\"articleSection\":[\"News\"],\"inLanguage\":\"fr-CA\"},{\"@type\":\"WebPage\",\"@id\":\"https:\\\/\\\/healthhubsolutions.ca\\\/healthhub-announces-peter-varga-will-join-company-as-chief-clinical-executive\\\/\",\"url\":\"https:\\\/\\\/healthhubsolutions.ca\\\/healthhub-announces-peter-varga-will-join-company-as-chief-clinical-executive\\\/\",\"name\":\"Peter Varga to Join HealthHub as Chief Clinical Executive\",\"isPartOf\":{\"@id\":\"https:\\\/\\\/healthhubsolutions.ca\\\/#website\"},\"primaryImageOfPage\":{\"@id\":\"https:\\\/\\\/healthhubsolutions.ca\\\/healthhub-announces-peter-varga-will-join-company-as-chief-clinical-executive\\\/#primaryimage\"},\"image\":{\"@id\":\"https:\\\/\\\/healthhubsolutions.ca\\\/healthhub-announces-peter-varga-will-join-company-as-chief-clinical-executive\\\/#primaryimage\"},\"thumbnailUrl\":\"https:\\\/\\\/healthhubsolutions.ca\\\/wp-content\\\/uploads\\\/2021\\\/12\\\/healthhub_article_1500_658.jpg\",\"datePublished\":\"2022-01-04T05:00:00+00:00\",\"dateModified\":\"2025-08-18T17:20:54+00:00\",\"author\":{\"@id\":\"https:\\\/\\\/healthhubsolutions.ca\\\/#\\\/schema\\\/person\\\/221ad45a7f7f1d9e7a82ccc508e205e3\"},\"description\":\"HealthHub Patient Engagement Solutions is pleased announce that Peter Varga will join the company on Jan 4, 2022 as Chief Clinical Executive.\",\"breadcrumb\":{\"@id\":\"https:\\\/\\\/healthhubsolutions.ca\\\/healthhub-announces-peter-varga-will-join-company-as-chief-clinical-executive\\\/#breadcrumb\"},\"inLanguage\":\"fr-CA\",\"potentialAction\":[{\"@type\":\"ReadAction\",\"target\":[\"https:\\\/\\\/healthhubsolutions.ca\\\/healthhub-announces-peter-varga-will-join-company-as-chief-clinical-executive\\\/\"]}]},{\"@type\":\"ImageObject\",\"inLanguage\":\"fr-CA\",\"@id\":\"https:\\\/\\\/healthhubsolutions.ca\\\/healthhub-announces-peter-varga-will-join-company-as-chief-clinical-executive\\\/#primaryimage\",\"url\":\"https:\\\/\\\/healthhubsolutions.ca\\\/wp-content\\\/uploads\\\/2021\\\/12\\\/healthhub_article_1500_658.jpg\",\"contentUrl\":\"https:\\\/\\\/healthhubsolutions.ca\\\/wp-content\\\/uploads\\\/2021\\\/12\\\/healthhub_article_1500_658.jpg\",\"width\":1500,\"height\":658,\"caption\":\"Medical icon network connection with modern virtual screen interface on hospital background, medicine technology network concept\"},{\"@type\":\"BreadcrumbList\",\"@id\":\"https:\\\/\\\/healthhubsolutions.ca\\\/healthhub-announces-peter-varga-will-join-company-as-chief-clinical-executive\\\/#breadcrumb\",\"itemListElement\":[{\"@type\":\"ListItem\",\"position\":1,\"name\":\"Home\",\"item\":\"https:\\\/\\\/healthhubsolutions.ca\\\/\"},{\"@type\":\"ListItem\",\"position\":2,\"name\":\"HealthHub Announces Peter Varga will Join Company as Chief Clinical Executive\"}]},{\"@type\":\"WebSite\",\"@id\":\"https:\\\/\\\/healthhubsolutions.ca\\\/#website\",\"url\":\"https:\\\/\\\/healthhubsolutions.ca\\\/\",\"name\":\"HealthHub Solutions | Patient Engagement Solutions\",\"description\":\"Canada&#039;s Leading Digital Patient Engagement Platform\",\"potentialAction\":[{\"@type\":\"SearchAction\",\"target\":{\"@type\":\"EntryPoint\",\"urlTemplate\":\"https:\\\/\\\/healthhubsolutions.ca\\\/?s={search_term_string}\"},\"query-input\":{\"@type\":\"PropertyValueSpecification\",\"valueRequired\":true,\"valueName\":\"search_term_string\"}}],\"inLanguage\":\"fr-CA\"},{\"@type\":\"Person\",\"@id\":\"https:\\\/\\\/healthhubsolutions.ca\\\/#\\\/schema\\\/person\\\/221ad45a7f7f1d9e7a82ccc508e205e3\",\"name\":\"healthhubadmin\",\"image\":{\"@type\":\"ImageObject\",\"inLanguage\":\"fr-CA\",\"@id\":\"https:\\\/\\\/secure.gravatar.com\\\/avatar\\\/66fd3bb88d02e422d36e9f0e1fc52b2ce6c59df6a12e91a59752d57569803035?s=96&d=mm&r=g\",\"url\":\"https:\\\/\\\/secure.gravatar.com\\\/avatar\\\/66fd3bb88d02e422d36e9f0e1fc52b2ce6c59df6a12e91a59752d57569803035?s=96&d=mm&r=g\",\"contentUrl\":\"https:\\\/\\\/secure.gravatar.com\\\/avatar\\\/66fd3bb88d02e422d36e9f0e1fc52b2ce6c59df6a12e91a59752d57569803035?s=96&d=mm&r=g\",\"caption\":\"healthhubadmin\"},\"url\":\"https:\\\/\\\/healthhubsolutions.ca\\\/fr\\\/author\\\/healthhubadmin\\\/\"}]}<\/script>\n<!-- \/ Yoast SEO plugin. -->","yoast_head_json":{"title":"Peter Varga to Join HealthHub as Chief Clinical Executive","description":"HealthHub Patient Engagement Solutions is pleased announce that Peter Varga will join the company on Jan 4, 2022 as Chief Clinical Executive.","robots":{"index":"index","follow":"follow","max-snippet":"max-snippet:-1","max-image-preview":"max-image-preview:large","max-video-preview":"max-video-preview:-1"},"canonical":"https:\/\/healthhubsolutions.ca\/fr\/healthhub-announces-peter-varga-will-join-company-as-chief-clinical-executive\/","og_locale":"fr_CA","og_type":"article","og_title":"Peter Varga to Join HealthHub as Chief Clinical Executive","og_description":"HealthHub Patient Engagement Solutions is pleased announce that Peter Varga will join the company on Jan 4, 2022 as Chief Clinical Executive.","og_url":"https:\/\/healthhubsolutions.ca\/fr\/healthhub-announces-peter-varga-will-join-company-as-chief-clinical-executive\/","og_site_name":"HealthHub Solutions | Patient Engagement Solutions","article_published_time":"2022-01-04T05:00:00+00:00","article_modified_time":"2025-08-18T17:20:54+00:00","og_image":[{"width":1500,"height":658,"url":"https:\/\/healthhubsolutions.ca\/wp-content\/uploads\/2021\/12\/healthhub_article_1500_658.jpg","type":"image\/jpeg"}],"author":"healthhubadmin","twitter_card":"summary_large_image","twitter_image":"https:\/\/healthhubsolutions.ca\/wp-content\/uploads\/2021\/12\/healthhub_article_1500_658.jpg","twitter_misc":{"\u00c9crit par":"healthhubadmin","Estimation du temps de lecture":"2 minutes"},"schema":{"@context":"https:\/\/schema.org","@graph":[{"@type":"Article","@id":"https:\/\/healthhubsolutions.ca\/healthhub-announces-peter-varga-will-join-company-as-chief-clinical-executive\/#article","isPartOf":{"@id":"https:\/\/healthhubsolutions.ca\/healthhub-announces-peter-varga-will-join-company-as-chief-clinical-executive\/"},"author":{"name":"healthhubadmin","@id":"https:\/\/healthhubsolutions.ca\/#\/schema\/person\/221ad45a7f7f1d9e7a82ccc508e205e3"},"headline":"HealthHub Announces Peter Varga will Join Company as Chief Clinical Executive","datePublished":"2022-01-04T05:00:00+00:00","dateModified":"2025-08-18T17:20:54+00:00","mainEntityOfPage":{"@id":"https:\/\/healthhubsolutions.ca\/healthhub-announces-peter-varga-will-join-company-as-chief-clinical-executive\/"},"wordCount":384,"image":{"@id":"https:\/\/healthhubsolutions.ca\/healthhub-announces-peter-varga-will-join-company-as-chief-clinical-executive\/#primaryimage"},"thumbnailUrl":"https:\/\/healthhubsolutions.ca\/wp-content\/uploads\/2021\/12\/healthhub_article_1500_658.jpg","articleSection":["News"],"inLanguage":"fr-CA"},{"@type":"WebPage","@id":"https:\/\/healthhubsolutions.ca\/healthhub-announces-peter-varga-will-join-company-as-chief-clinical-executive\/","url":"https:\/\/healthhubsolutions.ca\/healthhub-announces-peter-varga-will-join-company-as-chief-clinical-executive\/","name":"Peter Varga to Join HealthHub as Chief Clinical Executive","isPartOf":{"@id":"https:\/\/healthhubsolutions.ca\/#website"},"primaryImageOfPage":{"@id":"https:\/\/healthhubsolutions.ca\/healthhub-announces-peter-varga-will-join-company-as-chief-clinical-executive\/#primaryimage"},"image":{"@id":"https:\/\/healthhubsolutions.ca\/healthhub-announces-peter-varga-will-join-company-as-chief-clinical-executive\/#primaryimage"},"thumbnailUrl":"https:\/\/healthhubsolutions.ca\/wp-content\/uploads\/2021\/12\/healthhub_article_1500_658.jpg","datePublished":"2022-01-04T05:00:00+00:00","dateModified":"2025-08-18T17:20:54+00:00","author":{"@id":"https:\/\/healthhubsolutions.ca\/#\/schema\/person\/221ad45a7f7f1d9e7a82ccc508e205e3"},"description":"HealthHub Patient Engagement Solutions is pleased announce that Peter Varga will join the company on Jan 4, 2022 as Chief Clinical Executive.","breadcrumb":{"@id":"https:\/\/healthhubsolutions.ca\/healthhub-announces-peter-varga-will-join-company-as-chief-clinical-executive\/#breadcrumb"},"inLanguage":"fr-CA","potentialAction":[{"@type":"ReadAction","target":["https:\/\/healthhubsolutions.ca\/healthhub-announces-peter-varga-will-join-company-as-chief-clinical-executive\/"]}]},{"@type":"ImageObject","inLanguage":"fr-CA","@id":"https:\/\/healthhubsolutions.ca\/healthhub-announces-peter-varga-will-join-company-as-chief-clinical-executive\/#primaryimage","url":"https:\/\/healthhubsolutions.ca\/wp-content\/uploads\/2021\/12\/healthhub_article_1500_658.jpg","contentUrl":"https:\/\/healthhubsolutions.ca\/wp-content\/uploads\/2021\/12\/healthhub_article_1500_658.jpg","width":1500,"height":658,"caption":"Medical icon network connection with modern virtual screen interface on hospital background, medicine technology network concept"},{"@type":"BreadcrumbList","@id":"https:\/\/healthhubsolutions.ca\/healthhub-announces-peter-varga-will-join-company-as-chief-clinical-executive\/#breadcrumb","itemListElement":[{"@type":"ListItem","position":1,"name":"Home","item":"https:\/\/healthhubsolutions.ca\/"},{"@type":"ListItem","position":2,"name":"HealthHub Announces Peter Varga will Join Company as Chief Clinical Executive"}]},{"@type":"WebSite","@id":"https:\/\/healthhubsolutions.ca\/#website","url":"https:\/\/healthhubsolutions.ca\/","name":"HealthHub Solutions | Patient Engagement Solutions","description":"Canada&#039;s Leading Digital Patient Engagement Platform","potentialAction":[{"@type":"SearchAction","target":{"@type":"EntryPoint","urlTemplate":"https:\/\/healthhubsolutions.ca\/?s={search_term_string}"},"query-input":{"@type":"PropertyValueSpecification","valueRequired":true,"valueName":"search_term_string"}}],"inLanguage":"fr-CA"},{"@type":"Person","@id":"https:\/\/healthhubsolutions.ca\/#\/schema\/person\/221ad45a7f7f1d9e7a82ccc508e205e3","name":"healthhubadmin","image":{"@type":"ImageObject","inLanguage":"fr-CA","@id":"https:\/\/secure.gravatar.com\/avatar\/66fd3bb88d02e422d36e9f0e1fc52b2ce6c59df6a12e91a59752d57569803035?s=96&d=mm&r=g","url":"https:\/\/secure.gravatar.com\/avatar\/66fd3bb88d02e422d36e9f0e1fc52b2ce6c59df6a12e91a59752d57569803035?s=96&d=mm&r=g","contentUrl":"https:\/\/secure.gravatar.com\/avatar\/66fd3bb88d02e422d36e9f0e1fc52b2ce6c59df6a12e91a59752d57569803035?s=96&d=mm&r=g","caption":"healthhubadmin"},"url":"https:\/\/healthhubsolutions.ca\/fr\/author\/healthhubadmin\/"}]}},"_links":{"self":[{"href":"https:\/\/healthhubsolutions.ca\/fr\/wp-json\/wp\/v2\/posts\/6141","targetHints":{"allow":["GET"]}}],"collection":[{"href":"https:\/\/healthhubsolutions.ca\/fr\/wp-json\/wp\/v2\/posts"}],"about":[{"href":"https:\/\/healthhubsolutions.ca\/fr\/wp-json\/wp\/v2\/types\/post"}],"author":[{"embeddable":true,"href":"https:\/\/healthhubsolutions.ca\/fr\/wp-json\/wp\/v2\/users\/1"}],"replies":[{"embeddable":true,"href":"https:\/\/healthhubsolutions.ca\/fr\/wp-json\/wp\/v2\/comments?post=6141"}],"version-history":[{"count":16,"href":"https:\/\/healthhubsolutions.ca\/fr\/wp-json\/wp\/v2\/posts\/6141\/revisions"}],"predecessor-version":[{"id":10467,"href":"https:\/\/healthhubsolutions.ca\/fr\/wp-json\/wp\/v2\/posts\/6141\/revisions\/10467"}],"wp:featuredmedia":[{"embeddable":true,"href":"https:\/\/healthhubsolutions.ca\/fr\/wp-json\/wp\/v2\/media\/6150"}],"wp:attachment":[{"href":"https:\/\/healthhubsolutions.ca\/fr\/wp-json\/wp\/v2\/media?parent=6141"}],"wp:term":[{"taxonomy":"category","embeddable":true,"href":"https:\/\/healthhubsolutions.ca\/fr\/wp-json\/wp\/v2\/categories?post=6141"},{"taxonomy":"post_tag","embeddable":true,"href":"https:\/\/healthhubsolutions.ca\/fr\/wp-json\/wp\/v2\/tags?post=6141"}],"curies":[{"name":"wp","href":"https:\/\/api.w.org\/{rel}","templated":true}]}}